{"id":925,"date":"2022-01-20T10:31:10","date_gmt":"2022-01-20T10:31:10","guid":{"rendered":"https:\/\/quintasaogiao.pt\/?p=925"},"modified":"2022-01-20T11:20:34","modified_gmt":"2022-01-20T11:20:34","slug":"quinta-sao-giao-at-prowein-2022","status":"publish","type":"post","link":"https:\/\/quintasaogiao.pt\/en\/quinta-sao-giao-at-prowein-2022\/","title":{"rendered":"Quinta S\u00e3o Gi\u00e3o at Prowein 2022"},"content":{"rendered":"<section class=\"wpb-content-wrapper\"><p>[vc_row][vc_column][vc_column_text text_larger=&#8221;no&#8221;]Quinta S\u00e3o Gi\u00e3o will be present at the 2022 edition of Prowein, considered the world&#8217;s top trade fair focused in the wine and spirits industry.<\/p>\n<p>Initially scheduled to take place between March 27th and 29th, the event has been postponed to May 15th to 17th. The German city of D\u00fcsseldorf will host Prowein once again after the 2020 and 2021 editions were canceled due to the pandemic situation.<\/p>\n<p>This will be a great opportunity for us to make our wines known to importers from all over the world. To point out that the last edition, held in 2019, had 6.900 exhibitors and received around 61.500 visitors.<\/p>\n<p>For more information, you can visit the official website of Prowein <a href=\"https:\/\/www.prowein.com\/\" target=\"_blank\" rel=\"noopener\">HERE<\/a>.[\/vc_column_text][\/vc_column][\/vc_row]<\/p>\n<\/section>","protected":false},"excerpt":{"rendered":"<p>[vc_row][vc_column][vc_column_text text_larger=&#8221;no&#8221;]Quinta S\u00e3o Gi\u00e3o will be present at the 2022 edition of Prowein, considered the world&#8217;s top trade fair focused<\/p>\n","protected":false},"author":2,"featured_media":930,"comment_status":"open","ping_status":"open","sticky":false,"template":"","format":"standard","meta":{"footnotes":""},"categories":[18],"tags":[],"class_list":["post-925","post","type-post","status-publish","format-standard","has-post-thumbnail","hentry","category-news"],"yoast_head":"<!-- This site is optimized with the Yoast SEO plugin v19.10 - https:\/\/yoast.com\/wordpress\/plugins\/seo\/ -->\n<title>Quinta S\u00e3o Gi\u00e3o at Prowein 2022 - Quinta S\u00e3o Gi\u00e3o - Vinhos Verdes<\/title>\n<meta name=\"robots\" content=\"index, follow, max-snippet:-1, max-image-preview:large, max-video-preview:-1\" \/>\n<link rel=\"canonical\" href=\"https:\/\/quintasaogiao.pt\/en\/quinta-sao-giao-at-prowein-2022\/\" \/>\n<meta property=\"og:locale\" content=\"en_US\" \/>\n<meta property=\"og:type\" content=\"article\" \/>\n<meta property=\"og:title\" content=\"Quinta S\u00e3o Gi\u00e3o at Prowein 2022 - Quinta S\u00e3o Gi\u00e3o - Vinhos Verdes\" \/>\n<meta property=\"og:description\" content=\"[vc_row][vc_column][vc_column_text text_larger=&#8221;no&#8221;]Quinta S\u00e3o Gi\u00e3o will be present at the 2022 edition of Prowein, considered the world&#8217;s top trade fair focused\" \/>\n<meta property=\"og:url\" content=\"https:\/\/quintasaogiao.pt\/en\/quinta-sao-giao-at-prowein-2022\/\" \/>\n<meta property=\"og:site_name\" content=\"Quinta S\u00e3o Gi\u00e3o - Vinhos Verdes\" \/>\n<meta property=\"article:publisher\" content=\"https:\/\/www.facebook.com\/quintasaogiao\" \/>\n<meta property=\"article:published_time\" content=\"2022-01-20T10:31:10+00:00\" \/>\n<meta property=\"article:modified_time\" content=\"2022-01-20T11:20:34+00:00\" \/>\n<meta property=\"og:image\" content=\"https:\/\/quintasaogiao.pt\/wp-content\/uploads\/2022\/01\/Quinta-de-Sao-Giao-Prowein-Blog-Nova-Data-min.jpg\" \/>\n\t<meta property=\"og:image:width\" content=\"1000\" \/>\n\t<meta property=\"og:image:height\" content=\"563\" \/>\n\t<meta property=\"og:image:type\" content=\"image\/jpeg\" \/>\n<meta name=\"author\" content=\"Ricardo Barrelas\" \/>\n<meta name=\"twitter:card\" content=\"summary_large_image\" \/>\n<meta name=\"twitter:label1\" content=\"Written by\" \/>\n\t<meta name=\"twitter:data1\" content=\"Ricardo Barrelas\" \/>\n\t<meta name=\"twitter:label2\" content=\"Est. reading time\" \/>\n\t<meta name=\"twitter:data2\" content=\"1 minute\" \/>\n<script type=\"application\/ld+json\" class=\"yoast-schema-graph\">{\"@context\":\"https:\/\/schema.org\",\"@graph\":[{\"@type\":\"Article\",\"@id\":\"https:\/\/quintasaogiao.pt\/en\/quinta-sao-giao-at-prowein-2022\/#article\",\"isPartOf\":{\"@id\":\"https:\/\/quintasaogiao.pt\/en\/quinta-sao-giao-at-prowein-2022\/\"},\"author\":{\"name\":\"Ricardo Barrelas\",\"@id\":\"https:\/\/quintasaogiao.pt\/en\/#\/schema\/person\/55de68aa517fcc6b0a0e320f0f71f6fa\"},\"headline\":\"Quinta S\u00e3o Gi\u00e3o at Prowein 2022\",\"datePublished\":\"2022-01-20T10:31:10+00:00\",\"dateModified\":\"2022-01-20T11:20:34+00:00\",\"mainEntityOfPage\":{\"@id\":\"https:\/\/quintasaogiao.pt\/en\/quinta-sao-giao-at-prowein-2022\/\"},\"wordCount\":139,\"commentCount\":0,\"publisher\":{\"@id\":\"https:\/\/quintasaogiao.pt\/en\/#organization\"},\"articleSection\":[\"News\"],\"inLanguage\":\"en-US\",\"potentialAction\":[{\"@type\":\"CommentAction\",\"name\":\"Comment\",\"target\":[\"https:\/\/quintasaogiao.pt\/en\/quinta-sao-giao-at-prowein-2022\/#respond\"]}]},{\"@type\":\"WebPage\",\"@id\":\"https:\/\/quintasaogiao.pt\/en\/quinta-sao-giao-at-prowein-2022\/\",\"url\":\"https:\/\/quintasaogiao.pt\/en\/quinta-sao-giao-at-prowein-2022\/\",\"name\":\"Quinta S\u00e3o Gi\u00e3o at Prowein 2022 - Quinta S\u00e3o Gi\u00e3o - Vinhos Verdes\",\"isPartOf\":{\"@id\":\"https:\/\/quintasaogiao.pt\/en\/#website\"},\"datePublished\":\"2022-01-20T10:31:10+00:00\",\"dateModified\":\"2022-01-20T11:20:34+00:00\",\"breadcrumb\":{\"@id\":\"https:\/\/quintasaogiao.pt\/en\/quinta-sao-giao-at-prowein-2022\/#breadcrumb\"},\"inLanguage\":\"en-US\",\"potentialAction\":[{\"@type\":\"ReadAction\",\"target\":[\"https:\/\/quintasaogiao.pt\/en\/quinta-sao-giao-at-prowein-2022\/\"]}]},{\"@type\":\"BreadcrumbList\",\"@id\":\"https:\/\/quintasaogiao.pt\/en\/quinta-sao-giao-at-prowein-2022\/#breadcrumb\",\"itemListElement\":[{\"@type\":\"ListItem\",\"position\":1,\"name\":\"In\u00edcio\",\"item\":\"https:\/\/quintasaogiao.pt\/en\/\"},{\"@type\":\"ListItem\",\"position\":2,\"name\":\"Quinta S\u00e3o Gi\u00e3o at Prowein 2022\"}]},{\"@type\":\"WebSite\",\"@id\":\"https:\/\/quintasaogiao.pt\/en\/#website\",\"url\":\"https:\/\/quintasaogiao.pt\/en\/\",\"name\":\"Quinta S\u00e3o Gi\u00e3o | Vinhos Verdes | Desde 1972\",\"description\":\"\",\"publisher\":{\"@id\":\"https:\/\/quintasaogiao.pt\/en\/#organization\"},\"potentialAction\":[{\"@type\":\"SearchAction\",\"target\":{\"@type\":\"EntryPoint\",\"urlTemplate\":\"https:\/\/quintasaogiao.pt\/en\/?s={search_term_string}\"},\"query-input\":\"required name=search_term_string\"}],\"inLanguage\":\"en-US\"},{\"@type\":\"Organization\",\"@id\":\"https:\/\/quintasaogiao.pt\/en\/#organization\",\"name\":\"Quinta S\u00e3o Gi\u00e3o | Vinhos Verdes | Desde 1972\",\"url\":\"https:\/\/quintasaogiao.pt\/en\/\",\"logo\":{\"@type\":\"ImageObject\",\"inLanguage\":\"en-US\",\"@id\":\"https:\/\/quintasaogiao.pt\/en\/#\/schema\/logo\/image\/\",\"url\":\"https:\/\/quintasaogiao.pt\/wp-content\/uploads\/2021\/02\/logo.svg\",\"contentUrl\":\"https:\/\/quintasaogiao.pt\/wp-content\/uploads\/2021\/02\/logo.svg\",\"width\":298,\"height\":192,\"caption\":\"Quinta S\u00e3o Gi\u00e3o | Vinhos Verdes | Desde 1972\"},\"image\":{\"@id\":\"https:\/\/quintasaogiao.pt\/en\/#\/schema\/logo\/image\/\"},\"sameAs\":[\"https:\/\/www.instagram.com\/quintasaogiao\/\",\"https:\/\/www.linkedin.com\/company\/quinta-sao-giao\",\"https:\/\/www.facebook.com\/quintasaogiao\"]},{\"@type\":\"Person\",\"@id\":\"https:\/\/quintasaogiao.pt\/en\/#\/schema\/person\/55de68aa517fcc6b0a0e320f0f71f6fa\",\"name\":\"Ricardo Barrelas\",\"image\":{\"@type\":\"ImageObject\",\"inLanguage\":\"en-US\",\"@id\":\"https:\/\/quintasaogiao.pt\/en\/#\/schema\/person\/image\/\",\"url\":\"https:\/\/secure.gravatar.com\/avatar\/a14665fd19c81872abbeafe8175a21b62030c3a1bb727eae229b92e5da3ff915?s=96&d=mm&r=g\",\"contentUrl\":\"https:\/\/secure.gravatar.com\/avatar\/a14665fd19c81872abbeafe8175a21b62030c3a1bb727eae229b92e5da3ff915?s=96&d=mm&r=g\",\"caption\":\"Ricardo Barrelas\"}}]}<\/script>\n<!-- \/ Yoast SEO plugin. -->","yoast_head_json":{"title":"Quinta S\u00e3o Gi\u00e3o at Prowein 2022 - Quinta S\u00e3o Gi\u00e3o - Vinhos Verdes","robots":{"index":"index","follow":"follow","max-snippet":"max-snippet:-1","max-image-preview":"max-image-preview:large","max-video-preview":"max-video-preview:-1"},"canonical":"https:\/\/quintasaogiao.pt\/en\/quinta-sao-giao-at-prowein-2022\/","og_locale":"en_US","og_type":"article","og_title":"Quinta S\u00e3o Gi\u00e3o at Prowein 2022 - Quinta S\u00e3o Gi\u00e3o - Vinhos Verdes","og_description":"[vc_row][vc_column][vc_column_text text_larger=&#8221;no&#8221;]Quinta S\u00e3o Gi\u00e3o will be present at the 2022 edition of Prowein, considered the world&#8217;s top trade fair focused","og_url":"https:\/\/quintasaogiao.pt\/en\/quinta-sao-giao-at-prowein-2022\/","og_site_name":"Quinta S\u00e3o Gi\u00e3o - Vinhos Verdes","article_publisher":"https:\/\/www.facebook.com\/quintasaogiao","article_published_time":"2022-01-20T10:31:10+00:00","article_modified_time":"2022-01-20T11:20:34+00:00","og_image":[{"width":1000,"height":563,"url":"https:\/\/quintasaogiao.pt\/wp-content\/uploads\/2022\/01\/Quinta-de-Sao-Giao-Prowein-Blog-Nova-Data-min.jpg","type":"image\/jpeg"}],"author":"Ricardo Barrelas","twitter_card":"summary_large_image","twitter_misc":{"Written by":"Ricardo Barrelas","Est. reading time":"1 minute"},"schema":{"@context":"https:\/\/schema.org","@graph":[{"@type":"Article","@id":"https:\/\/quintasaogiao.pt\/en\/quinta-sao-giao-at-prowein-2022\/#article","isPartOf":{"@id":"https:\/\/quintasaogiao.pt\/en\/quinta-sao-giao-at-prowein-2022\/"},"author":{"name":"Ricardo Barrelas","@id":"https:\/\/quintasaogiao.pt\/en\/#\/schema\/person\/55de68aa517fcc6b0a0e320f0f71f6fa"},"headline":"Quinta S\u00e3o Gi\u00e3o at Prowein 2022","datePublished":"2022-01-20T10:31:10+00:00","dateModified":"2022-01-20T11:20:34+00:00","mainEntityOfPage":{"@id":"https:\/\/quintasaogiao.pt\/en\/quinta-sao-giao-at-prowein-2022\/"},"wordCount":139,"commentCount":0,"publisher":{"@id":"https:\/\/quintasaogiao.pt\/en\/#organization"},"articleSection":["News"],"inLanguage":"en-US","potentialAction":[{"@type":"CommentAction","name":"Comment","target":["https:\/\/quintasaogiao.pt\/en\/quinta-sao-giao-at-prowein-2022\/#respond"]}]},{"@type":"WebPage","@id":"https:\/\/quintasaogiao.pt\/en\/quinta-sao-giao-at-prowein-2022\/","url":"https:\/\/quintasaogiao.pt\/en\/quinta-sao-giao-at-prowein-2022\/","name":"Quinta S\u00e3o Gi\u00e3o at Prowein 2022 - Quinta S\u00e3o Gi\u00e3o - Vinhos Verdes","isPartOf":{"@id":"https:\/\/quintasaogiao.pt\/en\/#website"},"datePublished":"2022-01-20T10:31:10+00:00","dateModified":"2022-01-20T11:20:34+00:00","breadcrumb":{"@id":"https:\/\/quintasaogiao.pt\/en\/quinta-sao-giao-at-prowein-2022\/#breadcrumb"},"inLanguage":"en-US","potentialAction":[{"@type":"ReadAction","target":["https:\/\/quintasaogiao.pt\/en\/quinta-sao-giao-at-prowein-2022\/"]}]},{"@type":"BreadcrumbList","@id":"https:\/\/quintasaogiao.pt\/en\/quinta-sao-giao-at-prowein-2022\/#breadcrumb","itemListElement":[{"@type":"ListItem","position":1,"name":"In\u00edcio","item":"https:\/\/quintasaogiao.pt\/en\/"},{"@type":"ListItem","position":2,"name":"Quinta S\u00e3o Gi\u00e3o at Prowein 2022"}]},{"@type":"WebSite","@id":"https:\/\/quintasaogiao.pt\/en\/#website","url":"https:\/\/quintasaogiao.pt\/en\/","name":"Quinta S\u00e3o Gi\u00e3o | Vinhos Verdes | Desde 1972","description":"","publisher":{"@id":"https:\/\/quintasaogiao.pt\/en\/#organization"},"potentialAction":[{"@type":"SearchAction","target":{"@type":"EntryPoint","urlTemplate":"https:\/\/quintasaogiao.pt\/en\/?s={search_term_string}"},"query-input":"required name=search_term_string"}],"inLanguage":"en-US"},{"@type":"Organization","@id":"https:\/\/quintasaogiao.pt\/en\/#organization","name":"Quinta S\u00e3o Gi\u00e3o | Vinhos Verdes | Desde 1972","url":"https:\/\/quintasaogiao.pt\/en\/","logo":{"@type":"ImageObject","inLanguage":"en-US","@id":"https:\/\/quintasaogiao.pt\/en\/#\/schema\/logo\/image\/","url":"https:\/\/quintasaogiao.pt\/wp-content\/uploads\/2021\/02\/logo.svg","contentUrl":"https:\/\/quintasaogiao.pt\/wp-content\/uploads\/2021\/02\/logo.svg","width":298,"height":192,"caption":"Quinta S\u00e3o Gi\u00e3o | Vinhos Verdes | Desde 1972"},"image":{"@id":"https:\/\/quintasaogiao.pt\/en\/#\/schema\/logo\/image\/"},"sameAs":["https:\/\/www.instagram.com\/quintasaogiao\/","https:\/\/www.linkedin.com\/company\/quinta-sao-giao","https:\/\/www.facebook.com\/quintasaogiao"]},{"@type":"Person","@id":"https:\/\/quintasaogiao.pt\/en\/#\/schema\/person\/55de68aa517fcc6b0a0e320f0f71f6fa","name":"Ricardo Barrelas","image":{"@type":"ImageObject","inLanguage":"en-US","@id":"https:\/\/quintasaogiao.pt\/en\/#\/schema\/person\/image\/","url":"https:\/\/secure.gravatar.com\/avatar\/a14665fd19c81872abbeafe8175a21b62030c3a1bb727eae229b92e5da3ff915?s=96&d=mm&r=g","contentUrl":"https:\/\/secure.gravatar.com\/avatar\/a14665fd19c81872abbeafe8175a21b62030c3a1bb727eae229b92e5da3ff915?s=96&d=mm&r=g","caption":"Ricardo Barrelas"}}]}},"_links":{"self":[{"href":"https:\/\/quintasaogiao.pt\/en\/wp-json\/wp\/v2\/posts\/925","targetHints":{"allow":["GET"]}}],"collection":[{"href":"https:\/\/quintasaogiao.pt\/en\/wp-json\/wp\/v2\/posts"}],"about":[{"href":"https:\/\/quintasaogiao.pt\/en\/wp-json\/wp\/v2\/types\/post"}],"author":[{"embeddable":true,"href":"https:\/\/quintasaogiao.pt\/en\/wp-json\/wp\/v2\/users\/2"}],"replies":[{"embeddable":true,"href":"https:\/\/quintasaogiao.pt\/en\/wp-json\/wp\/v2\/comments?post=925"}],"version-history":[{"count":2,"href":"https:\/\/quintasaogiao.pt\/en\/wp-json\/wp\/v2\/posts\/925\/revisions"}],"predecessor-version":[{"id":933,"href":"https:\/\/quintasaogiao.pt\/en\/wp-json\/wp\/v2\/posts\/925\/revisions\/933"}],"wp:featuredmedia":[{"embeddable":true,"href":"https:\/\/quintasaogiao.pt\/en\/wp-json\/wp\/v2\/media\/930"}],"wp:attachment":[{"href":"https:\/\/quintasaogiao.pt\/en\/wp-json\/wp\/v2\/media?parent=925"}],"wp:term":[{"taxonomy":"category","embeddable":true,"href":"https:\/\/quintasaogiao.pt\/en\/wp-json\/wp\/v2\/categories?post=925"},{"taxonomy":"post_tag","embeddable":true,"href":"https:\/\/quintasaogiao.pt\/en\/wp-json\/wp\/v2\/tags?post=925"}],"curies":[{"name":"wp","href":"https:\/\/api.w.org\/{rel}","templated":true}]}}